{"id":3822,"date":"2025-12-09T14:40:03","date_gmt":"2025-12-09T13:40:03","guid":{"rendered":"https:\/\/www.aloeprevention.fr\/blog\/?p=3822"},"modified":"2026-04-27T14:16:32","modified_gmt":"2026-04-27T12:16:32","slug":"%f0%9f%8c%b8-complexe-raffermissant-forever-le-soin-beaute-interne-pour-une-peau-plus-ferme-hydratee-et-eclatante","status":"publish","type":"post","link":"https:\/\/www.aloeprevention.fr\/blog\/2025\/12\/09\/%f0%9f%8c%b8-complexe-raffermissant-forever-le-soin-beaute-interne-pour-une-peau-plus-ferme-hydratee-et-eclatante\/","title":{"rendered":"\ud83c\udf38 Complexe Raffermissant Forever : le soin beaut\u00e9 interne pour une peau plus ferme, hydrat\u00e9e et \u00e9clatante"},"content":{"rendered":"\n<p>Le <strong>Complexe Raffermissant Forever<\/strong> (Firming Complex) fait partie de la gamme beaut\u00e9 <a href=\"https:\/\/www.aloeprevention.fr\/produits\/visage\/coffret-infinite-by-forever\">\u201cInfinite by Forever\u201d.<\/a><br>C\u2019est un compl\u00e9ment alimentaire unique qui agit <strong>de l\u2019int\u00e9rieur<\/strong> pour am\u00e9liorer la fermet\u00e9, l\u2019hydratation, l\u2019\u00e9lasticit\u00e9 et la jeunesse globale de la peau.<\/p>\n\n\n\n<p>Sa formule contient des ingr\u00e9dients haut de gamme reconnus pour leur efficacit\u00e9 :<\/p>\n\n\n\n<ul class=\"wp-block-list\">\n<li><strong>Collag\u00e8ne marin<\/strong><\/li>\n\n\n\n<li><strong>Phytoc\u00e9ramides de bl\u00e9<\/strong><\/li>\n\n\n\n<li><strong>Vitamine C<\/strong><\/li>\n\n\n\n<li><strong>Vitamine B8 (biotine)<\/strong><\/li>\n\n\n\n<li><strong>Extrait de melon riche en SOD (Superoxyde Dismutase)<\/strong><\/li>\n<\/ul>\n\n\n\n<p>Ce cocktail anti-\u00e2ge puissant agit sur la structure du derme, la barri\u00e8re cutan\u00e9e et la protection antioxydante.<\/p>\n\n\n\n<hr class=\"wp-block-separator has-alpha-channel-opacity\"\/>\n\n\n\n<h1 class=\"wp-block-heading\">\u2b50 1. Les bienfaits du Complexe Raffermissant Forever<\/h1>\n\n\n\n<h2 class=\"wp-block-heading\">\ud83d\udca7 1.1. Hydratation profonde gr\u00e2ce aux phytoc\u00e9ramides<\/h2>\n\n\n\n<p>Les c\u00e9ramides sont des lipides naturellement pr\u00e9sents dans la peau. Avec l\u2019\u00e2ge, leur quantit\u00e9 diminue, entra\u00eenant :<\/p>\n\n\n\n<ul class=\"wp-block-list\">\n<li>dess\u00e8chement,<\/li>\n\n\n\n<li>tiraillements,<\/li>\n\n\n\n<li>perte de douceur.<\/li>\n<\/ul>\n\n\n\n<p>Les phytoc\u00e9ramides contenus dans le Complexe Raffermissant aident \u00e0 :<\/p>\n\n\n\n<ul class=\"wp-block-list\">\n<li>restaurer la barri\u00e8re lipidique,<\/li>\n\n\n\n<li>retenir l\u2019eau plus longtemps,<\/li>\n\n\n\n<li>r\u00e9duire la s\u00e9cheresse,<\/li>\n\n\n\n<li>lisser visiblement la peau.<\/li>\n<\/ul>\n\n\n\n<hr class=\"wp-block-separator has-alpha-channel-opacity\"\/>\n\n\n\n<h2 class=\"wp-block-heading\">\ud83e\uddec 1.2. Fermet\u00e9 et \u00e9lasticit\u00e9 renforc\u00e9es par le collag\u00e8ne marin<\/h2>\n\n\n\n<p>Le collag\u00e8ne est hautement assimilable. Il contribue \u00e0 :<\/p>\n\n\n\n<ul class=\"wp-block-list\">\n<li>augmenter la densit\u00e9 du derme,<\/li>\n\n\n\n<li>renforcer la structure de soutien de la peau,<\/li>\n\n\n\n<li>r\u00e9duire la perte de fermet\u00e9,<\/li>\n\n\n\n<li>am\u00e9liorer l\u2019\u00e9lasticit\u00e9.<\/li>\n<\/ul>\n\n\n\n<p>Id\u00e9al pour les zones sujettes au rel\u00e2chement : visage, cou, bras, ventre.<\/p>\n\n\n\n<hr class=\"wp-block-separator has-alpha-channel-opacity\"\/>\n\n\n\n<h2 class=\"wp-block-heading\">\u2728 1.3. R\u00e9duction des rides et am\u00e9lioration du teint<\/h2>\n\n\n\n<p>La vitamine C favorise :<\/p>\n\n\n\n<ul class=\"wp-block-list\">\n<li>la synth\u00e8se du collag\u00e8ne,<\/li>\n\n\n\n<li>la protection antioxydante,<\/li>\n\n\n\n<li>l\u2019\u00e9clat du teint,<\/li>\n\n\n\n<li>la r\u00e9duction du teint terne.<\/li>\n<\/ul>\n\n\n\n<p>La vitamine B8 contribue au maintien d&rsquo;une <strong>peau normale<\/strong>, soutenant le bon fonctionnement cellulaire.<\/p>\n\n\n\n<p>R\u00e9sultat :<br>\u2714\ufe0f peau plus lisse<br>\u2714\ufe0f grain de peau affin\u00e9<br>\u2714\ufe0f luminosit\u00e9 am\u00e9lior\u00e9e<\/p>\n\n\n\n<hr class=\"wp-block-separator has-alpha-channel-opacity\"\/>\n\n\n\n<h2 class=\"wp-block-heading\">\ud83c\udf1f 1.4. Protection antioxydante puissante gr\u00e2ce \u00e0 la SOD du melon<\/h2>\n\n\n\n<p>L\u2019extrait de melon utilis\u00e9 par Forever est riche en <strong>Superoxyde Dismutase<\/strong>, l\u2019une des enzymes antioxydantes les plus efficaces.<\/p>\n\n\n\n<p>La SOD aide \u00e0 :<\/p>\n\n\n\n<ul class=\"wp-block-list\">\n<li>neutraliser les radicaux libres,<\/li>\n\n\n\n<li>r\u00e9duire l\u2019inflammation cutan\u00e9e,<\/li>\n\n\n\n<li>ralentir le vieillissement,<\/li>\n\n\n\n<li>prot\u00e9ger les cellules du derme,<\/li>\n\n\n\n<li>pr\u00e9server l\u2019\u00e9lasticit\u00e9.<\/li>\n<\/ul>\n\n\n\n<p>Un actif premium souvent r\u00e9serv\u00e9 aux compl\u00e9ments haut de gamme.<\/p>\n\n\n\n<hr class=\"wp-block-separator has-alpha-channel-opacity\"\/>\n\n\n\n<h2 class=\"wp-block-heading\">\ud83c\udf38 1.5. Beaut\u00e9 globale : peau plus jeune et plus r\u00e9sistante<\/h2>\n\n\n\n<p>Gr\u00e2ce \u00e0 l\u2019action combin\u00e9e des ingr\u00e9dients, le Complexe Raffermissant Forever permet de :<\/p>\n\n\n\n<ul class=\"wp-block-list\">\n<li>rendre la peau plus ferme,<\/li>\n\n\n\n<li>am\u00e9liorer la tonicit\u00e9,<\/li>\n\n\n\n<li>lisser les traits,<\/li>\n\n\n\n<li>soutenir l\u2019hydratation,<\/li>\n\n\n\n<li>r\u00e9v\u00e9ler un teint plus uniforme.<\/li>\n<\/ul>\n\n\n\n<p>Les premiers effets sont visibles en <strong>4 \u00e0 6 semaines<\/strong>, r\u00e9sultats optimum en <strong>8 \u00e0 12 semaines<\/strong>.<\/p>\n\n\n\n<hr class=\"wp-block-separator has-alpha-channel-opacity\"\/>\n\n\n\n<h1 class=\"wp-block-heading\">\ud83e\uddea 2. Ce que dit la science (mis \u00e0 jour)<\/h1>\n\n\n\n<h2 class=\"wp-block-heading\">\ud83d\udd2c Collag\u00e8ne marin<\/h2>\n\n\n\n<p>Les \u00e9tudes montrent qu\u2019il :<\/p>\n\n\n\n<ul class=\"wp-block-list\">\n<li>am\u00e9liore l\u2019\u00e9lasticit\u00e9 (+10 \u00e0 +20 %),<\/li>\n\n\n\n<li>augmente l\u2019hydratation,<\/li>\n\n\n\n<li>r\u00e9duit les rides,<\/li>\n\n\n\n<li>stimule la production naturelle de collag\u00e8ne.<\/li>\n<\/ul>\n\n\n\n<hr class=\"wp-block-separator has-alpha-channel-opacity\"\/>\n\n\n\n<h2 class=\"wp-block-heading\">\ud83d\udd2c Phytoc\u00e9ramides de bl\u00e9<\/h2>\n\n\n\n<p>Cliniquement d\u00e9montr\u00e9 :<\/p>\n\n\n\n<ul class=\"wp-block-list\">\n<li>+35 % d\u2019hydratation en 4 semaines<\/li>\n\n\n\n<li>-22 % de tiraillements<\/li>\n\n\n\n<li>meilleure barri\u00e8re cutan\u00e9e<\/li>\n\n\n\n<li>peau plus souple et confortable<\/li>\n<\/ul>\n\n\n\n<hr class=\"wp-block-separator has-alpha-channel-opacity\"\/>\n\n\n\n<h2 class=\"wp-block-heading\">\ud83d\udd2c Vitamine C<\/h2>\n\n\n\n<p>R\u00f4le confirm\u00e9 par la recherche :<\/p>\n\n\n\n<ul class=\"wp-block-list\">\n<li>essentielle \u00e0 la synth\u00e8se du collag\u00e8ne,<\/li>\n\n\n\n<li>antioxydant majeur,<\/li>\n\n\n\n<li>am\u00e9lioration du teint et de la luminosit\u00e9.<\/li>\n<\/ul>\n\n\n\n<hr class=\"wp-block-separator has-alpha-channel-opacity\"\/>\n\n\n\n<h2 class=\"wp-block-heading\">\ud83d\udd2c Vitamine B8 (biotine)<\/h2>\n\n\n\n<p>\u00c9tudes :<\/p>\n\n\n\n<ul class=\"wp-block-list\">\n<li>contribue au maintien d\u2019une peau normale,<\/li>\n\n\n\n<li>r\u00f4le essentiel dans le m\u00e9tabolisme \u00e9nerg\u00e9tique des cellules cutan\u00e9es,<\/li>\n\n\n\n<li>am\u00e9liore la r\u00e9sistance et la vitalit\u00e9 de la peau.<\/li>\n<\/ul>\n\n\n\n<hr class=\"wp-block-separator has-alpha-channel-opacity\"\/>\n\n\n\n<h2 class=\"wp-block-heading\">\ud83d\udd2c Extrait de melon riche en SOD<\/h2>\n\n\n\n<p>Effets prouv\u00e9s :<\/p>\n\n\n\n<ul class=\"wp-block-list\">\n<li>forte activit\u00e9 antioxydante,<\/li>\n\n\n\n<li>r\u00e9duction du stress oxydatif cutan\u00e9,<\/li>\n\n\n\n<li>am\u00e9lioration du confort et de la souplesse,<\/li>\n\n\n\n<li>ralentissement visible des signes de l\u2019\u00e2ge.<\/li>\n<\/ul>\n\n\n\n<hr class=\"wp-block-separator has-alpha-channel-opacity\"\/>\n\n\n\n<h1 class=\"wp-block-heading\">\ud83e\uddf0 3. Composition du Complexe Raffermissant Forever<\/h1>\n\n\n<div class=\"wp-block-image\">\n<figure class=\"aligncenter size-full is-resized\"><img loading=\"lazy\" decoding=\"async\" width=\"415\" height=\"245\" src=\"https:\/\/www.aloeprevention.fr\/blog\/wp-content\/uploads\/2025\/12\/Capture-decran-2025-12-09-143721.png\" alt=\"\" class=\"wp-image-3824\" style=\"width:663px;height:auto\" srcset=\"https:\/\/www.aloeprevention.fr\/blog\/wp-content\/uploads\/2025\/12\/Capture-decran-2025-12-09-143721.png 415w, https:\/\/www.aloeprevention.fr\/blog\/wp-content\/uploads\/2025\/12\/Capture-decran-2025-12-09-143721-300x177.png 300w\" sizes=\"(max-width: 415px) 100vw, 415px\" \/><\/figure><\/div>\n\n\n<hr class=\"wp-block-separator has-alpha-channel-opacity\"\/>\n\n\n\n<h1 class=\"wp-block-heading\">\ud83d\udc64 4. Avis clients (2025)<\/h1>\n\n\n\n<p>\u2b50\u2b50\u2b50\u2b50\u2b50 <em>\u201cPeau plus ferme et plus hydrat\u00e9e, j\u2019adore.\u201d<\/em><\/p>\n\n\n\n<p>\u2b50\u2b50\u2b50\u2b50 <em>\u201cR\u00e9sultats visibles en 1 mois, grain de peau affin\u00e9.\u201d<\/em><\/p>\n\n\n\n<p>\u2b50\u2b50\u2b50\u2b50\u2b50 <em>\u201cParfait avec le serum Infinite, peau plus lumineuse.\u201d<\/em><\/p>\n\n\n\n<p>\u2b50\u2b50\u2b50\u2b50 <em>\u201cTr\u00e8s efficace sur le cou, je recommande.\u201d<\/em><\/p>\n\n\n\n<p>Points forts relev\u00e9s :<br>\u2714\ufe0f hydratation durable<br>\u2714\ufe0f peau plus lisse<br>\u2714\ufe0f fermet\u00e9 renforc\u00e9e<br>\u2714\ufe0f bon compl\u00e9ment avec la routine Infinite<\/p>\n\n\n\n<hr class=\"wp-block-separator has-alpha-channel-opacity\"\/>\n\n\n\n<h1 class=\"wp-block-heading\">\ud83d\udc8a 5. Posologie<\/h1>\n\n\n\n<ul class=\"wp-block-list\">\n<li>2 comprim\u00e9s le matin avec un grand verre d&rsquo;eau.<\/li>\n\n\n\n<li>Cure conseill\u00e9e : 1 mois renouvelable.<\/li>\n\n\n\n<li>Pour maximiser les r\u00e9sultats : boire suffisamment d\u2019eau.<\/li>\n<\/ul>\n\n\n\n<p>Association recommand\u00e9e :<br>\ud83d\udc49<a href=\"https:\/\/www.foreverliving.fr\/FR\/fr\/product-detail\/554\"> D\u00e9maquillant hydratant<\/a><br>\ud83d\udc49 <a href=\"https:\/\/www.foreverliving.fr\/FR\/fr\/product-detail\/555\">S\u00e9rum raffermissant<\/a><br>\ud83d\udc49 <a href=\"https:\/\/www.foreverliving.fr\/FR\/fr\/product-detail\/558\">Cr\u00e8me r\u00e9paratrice<\/a><\/p>\n\n\n\n<hr class=\"wp-block-separator has-alpha-channel-opacity\"\/>\n\n\n\n<h1 class=\"wp-block-heading\">\u26a0\ufe0f 6. Pr\u00e9cautions<\/h1>\n\n\n\n<ul class=\"wp-block-list\">\n<li>D\u00e9conseill\u00e9 aux femmes enceintes (par pr\u00e9caution g\u00e9n\u00e9rale).<\/li>\n\n\n\n<li>Ne pas d\u00e9passer la dose journali\u00e8re.<\/li>\n\n\n\n<li>Les compl\u00e9ments alimentaires doivent \u00eatre utilis\u00e9s dans le cadre d\u2019un mode de vie sain et ne pas \u00eatre utilis\u00e9s comme substituts d\u2019un r\u00e9gime alimentaire vari\u00e9 et \u00e9quilibr\u00e9.<\/li>\n<\/ul>\n\n\n\n<hr class=\"wp-block-separator has-alpha-channel-opacity\"\/>\n\n\n\n<h1 class=\"wp-block-heading\">\u2753 FAQ \u2013 Complexe Raffermissant Forever<\/h1>\n\n\n\n<h3 class=\"wp-block-heading\">\u27a4 Quand verrai-je les premiers r\u00e9sultats ?<\/h3>\n\n\n\n<p>Entre <strong>4 et 6 semaines<\/strong>, plus marqu\u00e9s apr\u00e8s 8 semaines.<\/p>\n\n\n\n<h3 class=\"wp-block-heading\">\u27a4 Est-il adapt\u00e9 aux peaux s\u00e8ches ?<\/h3>\n\n\n\n<p>Oui, gr\u00e2ce aux phytoc\u00e9ramides de graines de bl\u00e9.<\/p>\n\n\n\n<h3 class=\"wp-block-heading\">\u27a4 Convient-il aux peaux sensibles ?<\/h3>\n\n\n\n<p>Oui, formulation douce et ax\u00e9e sur la barri\u00e8re cutan\u00e9e.<\/p>\n\n\n\n<hr class=\"wp-block-separator has-alpha-channel-opacity\"\/>\n\n\n\n<h1 class=\"wp-block-heading\"> \ud83c\udf38 <strong>Forever Complexe Raffermissant \u2013 Le compl\u00e9ment beaut\u00e9 premium<\/strong><\/h1>\n\n\n\n<p>Il agit en profondeur sur :<\/p>\n\n\n\n<ul class=\"wp-block-list\">\n<li>la fermet\u00e9,<\/li>\n\n\n\n<li>l\u2019hydratation,<\/li>\n\n\n\n<li>l\u2019\u00e9lasticit\u00e9,<\/li>\n\n\n\n<li>la luminosit\u00e9.<\/li>\n<\/ul>\n\n\n\n<p>Gr\u00e2ce \u00e0 ses ingr\u00e9dients puissants et cliniquement \u00e9tudi\u00e9s, il devient un alli\u00e9 incontournable pour toutes les personnes souhaitant une peau plus jeune, souple et \u00e9clatante.<\/p>\n\n\n\n<p>\ud83d\uded2\ud83d\udc49 <strong>Je<\/strong> <strong>commande le <a href=\"https:\/\/www.foreverliving.fr\/FR\/fr\/product-detail\/556\">Complexe Raffermissant Forever <\/a><\/strong><br><\/p>\n\n\n<div class=\"wp-block-image\">\n<figure class=\"aligncenter size-full is-resized\"><img loading=\"lazy\" decoding=\"async\" width=\"498\" height=\"507\" src=\"https:\/\/www.aloeprevention.fr\/blog\/wp-content\/uploads\/2025\/12\/Capture-decran-2025-12-09-143922.png\" alt=\"\" class=\"wp-image-3825\" style=\"width:324px;height:auto\" srcset=\"https:\/\/www.aloeprevention.fr\/blog\/wp-content\/uploads\/2025\/12\/Capture-decran-2025-12-09-143922.png 498w, https:\/\/www.aloeprevention.fr\/blog\/wp-content\/uploads\/2025\/12\/Capture-decran-2025-12-09-143922-295x300.png 295w\" sizes=\"(max-width: 498px) 100vw, 498px\" \/><\/figure><\/div>","protected":false},"excerpt":{"rendered":"<p>Le Complexe Raffermissant Forever (Firming Complex) fait partie de la gamme beaut\u00e9 \u201cInfinite by Forever\u201d.C\u2019est un compl\u00e9ment alimentaire unique qui agit de l\u2019int\u00e9rieur pour am\u00e9liorer la fermet\u00e9, l\u2019hydratation, l\u2019\u00e9lasticit\u00e9 et la jeunesse globale de la peau. Sa formule contient des ingr\u00e9dients haut de gamme reconnus pour leur efficacit\u00e9 : Ce cocktail anti-\u00e2ge puissant agit sur [&hellip;]<\/p>\n","protected":false},"author":1,"featured_media":4026,"comment_status":"open","ping_status":"open","sticky":false,"template":"","format":"standard","meta":{"footnotes":""},"categories":[19,32],"tags":[],"class_list":["post-3822","post","type-post","status-publish","format-standard","has-post-thumbnail","hentry","category-nutrition","category-peau"],"_links":{"self":[{"href":"https:\/\/www.aloeprevention.fr\/blog\/wp-json\/wp\/v2\/posts\/3822"}],"collection":[{"href":"https:\/\/www.aloeprevention.fr\/blog\/wp-json\/wp\/v2\/posts"}],"about":[{"href":"https:\/\/www.aloeprevention.fr\/blog\/wp-json\/wp\/v2\/types\/post"}],"author":[{"embeddable":true,"href":"https:\/\/www.aloeprevention.fr\/blog\/wp-json\/wp\/v2\/users\/1"}],"replies":[{"embeddable":true,"href":"https:\/\/www.aloeprevention.fr\/blog\/wp-json\/wp\/v2\/comments?post=3822"}],"version-history":[{"count":2,"href":"https:\/\/www.aloeprevention.fr\/blog\/wp-json\/wp\/v2\/posts\/3822\/revisions"}],"predecessor-version":[{"id":3879,"href":"https:\/\/www.aloeprevention.fr\/blog\/wp-json\/wp\/v2\/posts\/3822\/revisions\/3879"}],"wp:featuredmedia":[{"embeddable":true,"href":"https:\/\/www.aloeprevention.fr\/blog\/wp-json\/wp\/v2\/media\/4026"}],"wp:attachment":[{"href":"https:\/\/www.aloeprevention.fr\/blog\/wp-json\/wp\/v2\/media?parent=3822"}],"wp:term":[{"taxonomy":"category","embeddable":true,"href":"https:\/\/www.aloeprevention.fr\/blog\/wp-json\/wp\/v2\/categories?post=3822"},{"taxonomy":"post_tag","embeddable":true,"href":"https:\/\/www.aloeprevention.fr\/blog\/wp-json\/wp\/v2\/tags?post=3822"}],"curies":[{"name":"wp","href":"https:\/\/api.w.org\/{rel}","templated":true}]}}